{"id":11468,"date":"2026-09-02T15:28:10","date_gmt":"2026-09-02T18:28:10","guid":{"rendered":"https:\/\/amigasdaterrabrasil.org.br\/?p=11468"},"modified":"2026-09-03T16:20:00","modified_gmt":"2026-09-03T19:20:00","slug":"no-dia-9-de-setembro-a-csaa-territorios-de-vida-convida-clarissa-silveira-do-sitio-libelula-para-uma-tarde-de-criacao-e-troca-de-conhecimentos-a-partir-da-ceramica-artesanal","status":"publish","type":"post","link":"https:\/\/amigasdaterrabrasil.org.br\/?p=11468","title":{"rendered":"No dia 9 de setembro, a CSAA Territ\u00f3rios de Vida convida Clarissa Silveira, do S\u00edtio Lib\u00e9lula, para uma tarde de cria\u00e7\u00e3o e troca de conhecimentos a partir da cer\u00e2mica artesanal."},"content":{"rendered":"\n<p>Na oficina Pr\u00e1tica de Cer\u00e2mica, vamos experimentar modelagem manual com impress\u00e3o bot\u00e2nica, explorando formas, texturas e elementos da natureza para criar pe\u00e7as \u00fanicas.<\/p>\n\n\n\n<p>\ud83d\udcc5 9 de setembro<br>\ud83d\udd50 13h \u00e0s 17h \u2014 voc\u00ea pode chegar em qualquer hor\u00e1rio entre o in\u00edcio e o fim!<br>\ud83d\udccd CasaNAT (sede da ATBR) &#8211; Rua Olavo Bilac, 192 \u2014 Azenha &#8211; Porto Alegre\/RS<\/p>\n\n\n\n<p>Vem conhecer a CSAA Territ\u00f3rios de Vida e praticar a arte milenar da cer\u00e2mica!<\/p>\n\n\n\n<p>Realiza\u00e7\u00e3o: CSAA Territ\u00f3rios de Vida + S\u00edtio Lib\u00e9lula<br>Apoio: Fundo Casa Socioambiental + Amigas da Terra Brasil<br><br><strong>Saiba mais em: <\/strong><a href=\"https:\/\/www.instagram.com\/p\/DctxPdUuL3m\">https:\/\/www.instagram.com\/p\/DctxPdUuL3m<\/a> e <a href=\"https:\/\/www.instagram.com\/p\/Dc1gdPkt4me\/\">https:\/\/www.instagram.com\/p\/Dc1gdPkt4me\/<\/a> <\/p>\n\n\n\n<figure class=\"wp-block-embed\"><div class=\"wp-block-embed__wrapper\">\nhttps:\/\/www.instagram.com\/p\/Dc1gdPkt4me\n<\/div><\/figure>\n","protected":false},"excerpt":{"rendered":"<p>Na oficina Pr\u00e1tica de Cer\u00e2mica, vamos experimentar modelagem manual com impress\u00e3o bot\u00e2nica, explorando formas, texturas e elementos da natureza para criar pe\u00e7as \u00fanicas. \ud83d\udcc5 9 de setembro\ud83d\udd50 13h \u00e0s 17h \u2014 voc\u00ea pode chegar em qualquer hor\u00e1rio entre o in\u00edcio e o fim!\ud83d\udccd CasaNAT (sede da ATBR) &#8211; Rua Olavo Bilac, 192 \u2014 Azenha &#8211; Porto Alegre\/RS Vem conhecer a CSAA Territ\u00f3rios de Vida e praticar a arte milenar da cer\u00e2mica! Realiza\u00e7\u00e3o: CSAA Territ\u00f3rios de Vida + S\u00edtio Lib\u00e9lulaApoio: Fundo Casa Socioambiental + Amigas da Terra Brasil Saiba mais em: https:\/\/www.instagram.com\/p\/DctxPdUuL3m e https:\/\/www.instagram.com\/p\/Dc1gdPkt4me\/<\/p>\n","protected":false},"author":1,"featured_media":11470,"comment_status":"open","ping_status":"open","sticky":false,"template":"","format":"standard","meta":{"footnotes":""},"categories":[1],"tags":[],"class_list":["post-11468","post","type-post","status-publish","format-standard","has-post-thumbnail","hentry","category-enchente"],"_links":{"self":[{"href":"https:\/\/amigasdaterrabrasil.org.br\/index.php?rest_route=\/wp\/v2\/posts\/11468","targetHints":{"allow":["GET"]}}],"collection":[{"href":"https:\/\/amigasdaterrabrasil.org.br\/index.php?rest_route=\/wp\/v2\/posts"}],"about":[{"href":"https:\/\/amigasdaterrabrasil.org.br\/index.php?rest_route=\/wp\/v2\/types\/post"}],"author":[{"embeddable":true,"href":"https:\/\/amigasdaterrabrasil.org.br\/index.php?rest_route=\/wp\/v2\/users\/1"}],"replies":[{"embeddable":true,"href":"https:\/\/amigasdaterrabrasil.org.br\/index.php?rest_route=%2Fwp%2Fv2%2Fcomments&post=11468"}],"version-history":[{"count":1,"href":"https:\/\/amigasdaterrabrasil.org.br\/index.php?rest_route=\/wp\/v2\/posts\/11468\/revisions"}],"predecessor-version":[{"id":11469,"href":"https:\/\/amigasdaterrabrasil.org.br\/index.php?rest_route=\/wp\/v2\/posts\/11468\/revisions\/11469"}],"wp:featuredmedia":[{"embeddable":true,"href":"https:\/\/amigasdaterrabrasil.org.br\/index.php?rest_route=\/wp\/v2\/media\/11470"}],"wp:attachment":[{"href":"https:\/\/amigasdaterrabrasil.org.br\/index.php?rest_route=%2Fwp%2Fv2%2Fmedia&parent=11468"}],"wp:term":[{"taxonomy":"category","embeddable":true,"href":"https:\/\/amigasdaterrabrasil.org.br\/index.php?rest_route=%2Fwp%2Fv2%2Fcategories&post=11468"},{"taxonomy":"post_tag","embeddable":true,"href":"https:\/\/amigasdaterrabrasil.org.br\/index.php?rest_route=%2Fwp%2Fv2%2Ftags&post=11468"}],"curies":[{"name":"wp","href":"https:\/\/api.w.org\/{rel}","templated":true}]}}