{"id":11465,"date":"2026-08-24T15:19:49","date_gmt":"2026-08-24T18:19:49","guid":{"rendered":"https:\/\/amigasdaterrabrasil.org.br\/?p=11465"},"modified":"2026-09-03T15:26:08","modified_gmt":"2026-09-03T18:26:08","slug":"estao-abertas-as-inscricoes-para-o-projeto-adolescentes-e-jovens-defensores-ambientais","status":"publish","type":"post","link":"https:\/\/amigasdaterrabrasil.org.br\/?p=11465","title":{"rendered":"Est\u00e3o abertas as inscri\u00e7\u00f5es para o projeto Adolescentes e Jovens Defensores Ambientais"},"content":{"rendered":"\n<p>Voc\u00ea tem entre 13 e 25 anos e acredita que \u00e9 poss\u00edvel lutar pela justi\u00e7a ambiental e clim\u00e1tica a partir do seu territ\u00f3rio? Ent\u00e3o este projeto \u00e9 para voc\u00ea!<\/p>\n\n\n\n<p>No dia 31 de agosto, vamos iniciar uma jornada de forma\u00e7\u00e3o e a\u00e7\u00e3o coletiva para fortalecer o protagonismo de adolescentes e jovens na luta por justi\u00e7a ambiental e clim\u00e1tica.<\/p>\n\n\n\n<p>Ao longo do projeto, teremos:<\/p>\n\n\n\n<p>\ud83c\udf3f Forma\u00e7\u00f5es em justi\u00e7a ambiental, racial e de g\u00eanero, fortalecendo lideran\u00e7as e a participa\u00e7\u00e3o pol\u00edtica.<\/p>\n\n\n\n<p>\ud83e\udd1d A\u00e7\u00f5es nos territ\u00f3rios, interc\u00e2mbios e produ\u00e7\u00e3o de narrativas, conectando jovens e fortalecendo redes de mobiliza\u00e7\u00e3o.<\/p>\n\n\n\n<p>Inscri\u00e7\u00f5es abertas at\u00e9 10 de setembro neste link: https:\/\/bit.ly\/4b4SZbD<\/p>\n\n\n\n<p>\ud83d\udc9c \u200bAnota a\u00ed: a nossa primeira atividade ser\u00e1 virtual no dia 10 de setembro, \u00e0s 18h.<br><br><a href=\"https:\/\/www.instagram.com\/p\/Db8WhdnxTdl\"><strong>Saiba mais aqui e confira o chamada das companheiras que j\u00e1 fazem parte do processso!<\/strong><\/a><\/p>\n\n\n\n<p>O link para acesso ser\u00e1 enviado para os inscritos \u00e0s 17h30 \ud83d\udcbb<\/p>\n\n\n\n<p>\u200b\ud83d\udce2 E lembrando: no dia 12 de setembro teremos uma atividade presencial super especial.<\/p>\n\n\n\n<p>\ud83c\udf43Acompanhe nossas p\u00e1ginas e confira mais informa\u00e7\u00f5es em breve!<\/p>\n\n\n\n<p>Em caso de d\u00favidas, entre em contato pelo telefone (54) 991070304. <\/p>\n","protected":false},"excerpt":{"rendered":"<p>Voc\u00ea tem entre 13 e 25 anos e acredita que \u00e9 poss\u00edvel lutar pela justi\u00e7a ambiental e clim\u00e1tica a partir do seu territ\u00f3rio? Ent\u00e3o este projeto \u00e9 para voc\u00ea! No dia 31 de agosto, vamos iniciar uma jornada de forma\u00e7\u00e3o e a\u00e7\u00e3o coletiva para fortalecer o protagonismo de adolescentes e jovens na luta por justi\u00e7a ambiental e clim\u00e1tica. Ao longo do projeto, teremos: \ud83c\udf3f Forma\u00e7\u00f5es em justi\u00e7a ambiental, racial e de g\u00eanero, fortalecendo lideran\u00e7as e a participa\u00e7\u00e3o pol\u00edtica. \ud83e\udd1d A\u00e7\u00f5es nos territ\u00f3rios, interc\u00e2mbios e produ\u00e7\u00e3o de narrativas, conectando jovens e fortalecendo redes de mobiliza\u00e7\u00e3o. Inscri\u00e7\u00f5es abertas at\u00e9 10 de setembro neste link: https:\/\/bit.ly\/4b4SZbD \ud83d\udc9c \u200bAnota a\u00ed: a nossa primeira atividade ser\u00e1 virtual no dia 10 de setembro, \u00e0s 18h. Saiba mais aqui e confira o chamada das companheiras que j\u00e1 fazem parte do processso! O link para acesso ser\u00e1 enviado para os inscritos \u00e0s 17h30 \ud83d\udcbb \u200b\ud83d\udce2 E lembrando: no dia 12 de setembro teremos uma atividade presencial super especial. \ud83c\udf43Acompanhe nossas p\u00e1ginas e confira mais informa\u00e7\u00f5es em breve! Em caso de d\u00favidas, entre em contato pelo telefone (54) 991070304.<\/p>\n","protected":false},"author":1,"featured_media":11466,"comment_status":"open","ping_status":"open","sticky":false,"template":"","format":"standard","meta":{"footnotes":""},"categories":[1],"tags":[],"class_list":["post-11465","post","type-post","status-publish","format-standard","has-post-thumbnail","hentry","category-enchente"],"_links":{"self":[{"href":"https:\/\/amigasdaterrabrasil.org.br\/index.php?rest_route=\/wp\/v2\/posts\/11465","targetHints":{"allow":["GET"]}}],"collection":[{"href":"https:\/\/amigasdaterrabrasil.org.br\/index.php?rest_route=\/wp\/v2\/posts"}],"about":[{"href":"https:\/\/amigasdaterrabrasil.org.br\/index.php?rest_route=\/wp\/v2\/types\/post"}],"author":[{"embeddable":true,"href":"https:\/\/amigasdaterrabrasil.org.br\/index.php?rest_route=\/wp\/v2\/users\/1"}],"replies":[{"embeddable":true,"href":"https:\/\/amigasdaterrabrasil.org.br\/index.php?rest_route=%2Fwp%2Fv2%2Fcomments&post=11465"}],"version-history":[{"count":1,"href":"https:\/\/amigasdaterrabrasil.org.br\/index.php?rest_route=\/wp\/v2\/posts\/11465\/revisions"}],"predecessor-version":[{"id":11467,"href":"https:\/\/amigasdaterrabrasil.org.br\/index.php?rest_route=\/wp\/v2\/posts\/11465\/revisions\/11467"}],"wp:featuredmedia":[{"embeddable":true,"href":"https:\/\/amigasdaterrabrasil.org.br\/index.php?rest_route=\/wp\/v2\/media\/11466"}],"wp:attachment":[{"href":"https:\/\/amigasdaterrabrasil.org.br\/index.php?rest_route=%2Fwp%2Fv2%2Fmedia&parent=11465"}],"wp:term":[{"taxonomy":"category","embeddable":true,"href":"https:\/\/amigasdaterrabrasil.org.br\/index.php?rest_route=%2Fwp%2Fv2%2Fcategories&post=11465"},{"taxonomy":"post_tag","embeddable":true,"href":"https:\/\/amigasdaterrabrasil.org.br\/index.php?rest_route=%2Fwp%2Fv2%2Ftags&post=11465"}],"curies":[{"name":"wp","href":"https:\/\/api.w.org\/{rel}","templated":true}]}}